{"id":772,"date":"2024-09-10T08:48:15","date_gmt":"2024-09-10T11:48:15","guid":{"rendered":"https:\/\/alienacionparental.com.ar\/?p=772"},"modified":"2024-09-11T09:38:17","modified_gmt":"2024-09-11T12:38:17","slug":"las-leyes-de-violencia-y-su-impacto-en-los-vinculos-parento-filiales-proteccion-o-desamparo","status":"publish","type":"post","link":"https:\/\/alienacionparental.com.ar\/pt\/las-leyes-de-violencia-y-su-impacto-en-los-vinculos-parento-filiales-proteccion-o-desamparo\/","title":{"rendered":"Leis sobre viol\u00eancia e seu impacto nos v\u00ednculos entre pais e filhos: prote\u00e7\u00e3o ou neglig\u00eancia?"},"content":{"rendered":"<p><strong>Por Andr\u00e9s Beccar Varela<\/strong><\/p>\n\n\n\n<p>As ideias apresentadas neste trabalho se baseiam em uma <strong>or\u00e7amento b\u00e1sico e elementar<\/strong> que come\u00e7a com a considera\u00e7\u00e3o do<strong> v\u00ednculo entre pais e filhos como uma rela\u00e7\u00e3o afetiva primordial<\/strong>que \u00e9 essencial na constru\u00e7\u00e3o do <strong>identidade<\/strong> e, portanto, do equil\u00edbrio <strong>emocional<\/strong> de cada indiv\u00edduo.<\/p>\n\n\n\n<div style=\"height:30px\" aria-hidden=\"true\" class=\"wp-block-spacer\"><\/div>\n\n\n\n<div class=\"wp-block-buttons is-content-justification-center is-layout-flex wp-container-core-buttons-is-layout-a89b3969 wp-block-buttons-is-layout-flex\">\n<div class=\"wp-block-button\"><a class=\"wp-block-button__link wp-element-button\" href=\"https:\/\/alienacionparental.com.ar\/wp-content\/uploads\/2024\/07\/LAS-LEYES-DE-VIOLENCIA-Y-SU-IMPACTO-EN-LOS-VINCULOS-PARENTO-FILIALES.pdf\" target=\"_blank\" rel=\"noreferrer noopener\">Ver nota<\/a><\/div>\n<\/div>","protected":false},"excerpt":{"rendered":"<p>Por Andr\u00e9s Beccar Varela<\/p>","protected":false},"author":1,"featured_media":36,"comment_status":"closed","ping_status":"open","sticky":false,"template":"","format":"standard","meta":{"footnotes":""},"categories":[11,13,3],"tags":[],"class_list":["post-772","post","type-post","status-publish","format-standard","has-post-thumbnail","hentry","category-articulos","category-legal","category-novedades"],"_links":{"self":[{"href":"https:\/\/alienacionparental.com.ar\/pt\/wp-json\/wp\/v2\/posts\/772","targetHints":{"allow":["GET"]}}],"collection":[{"href":"https:\/\/alienacionparental.com.ar\/pt\/wp-json\/wp\/v2\/posts"}],"about":[{"href":"https:\/\/alienacionparental.com.ar\/pt\/wp-json\/wp\/v2\/types\/post"}],"author":[{"embeddable":true,"href":"https:\/\/alienacionparental.com.ar\/pt\/wp-json\/wp\/v2\/users\/1"}],"replies":[{"embeddable":true,"href":"https:\/\/alienacionparental.com.ar\/pt\/wp-json\/wp\/v2\/comments?post=772"}],"version-history":[{"count":3,"href":"https:\/\/alienacionparental.com.ar\/pt\/wp-json\/wp\/v2\/posts\/772\/revisions"}],"predecessor-version":[{"id":1360,"href":"https:\/\/alienacionparental.com.ar\/pt\/wp-json\/wp\/v2\/posts\/772\/revisions\/1360"}],"wp:featuredmedia":[{"embeddable":true,"href":"https:\/\/alienacionparental.com.ar\/pt\/wp-json\/wp\/v2\/media\/36"}],"wp:attachment":[{"href":"https:\/\/alienacionparental.com.ar\/pt\/wp-json\/wp\/v2\/media?parent=772"}],"wp:term":[{"taxonomy":"category","embeddable":true,"href":"https:\/\/alienacionparental.com.ar\/pt\/wp-json\/wp\/v2\/categories?post=772"},{"taxonomy":"post_tag","embeddable":true,"href":"https:\/\/alienacionparental.com.ar\/pt\/wp-json\/wp\/v2\/tags?post=772"}],"curies":[{"name":"wp","href":"https:\/\/api.w.org\/{rel}","templated":true}]}}