{"id":2055,"date":"2024-09-10T10:32:15","date_gmt":"2024-09-10T13:32:15","guid":{"rendered":"https:\/\/alienacionparental.com.ar\/?p=2055"},"modified":"2024-09-10T10:34:30","modified_gmt":"2024-09-10T13:34:30","slug":"violencia-de-genero-el-impacto-psicologico-y-fisico-que-afecta-a-las-victimas","status":"publish","type":"post","link":"https:\/\/alienacionparental.com.ar\/pt\/violencia-de-genero-el-impacto-psicologico-y-fisico-que-afecta-a-las-victimas\/","title":{"rendered":"Viol\u00eancia baseada em g\u00eanero: o impacto psicol\u00f3gico e f\u00edsico nas v\u00edtimas"},"content":{"rendered":"<p><strong>Por Dr. Enrique De Rosa Alabaster<\/strong><\/p>\n\n\n\n<p>Diante de um estado constante de alerta para essa realidade, eles podem apresentar desde ansiedade e estresse p\u00f3s-traum\u00e1tico at\u00e9 problemas de sa\u00fade que persistem ao longo do tempo. Quais s\u00e3o os sinais a serem observados?<\/p>\n\n\n\n<div style=\"height:30px\" aria-hidden=\"true\" class=\"wp-block-spacer\"><\/div>\n\n\n\n<div class=\"wp-block-buttons is-content-justification-center is-layout-flex wp-container-core-buttons-is-layout-a89b3969 wp-block-buttons-is-layout-flex\">\n<div class=\"wp-block-button\"><a class=\"wp-block-button__link wp-element-button\" href=\"https:\/\/www.infobae.com\/salud\/2024\/08\/13\/violencia-de-genero-el-impacto-psicologico-y-fisico-que-afecta-a-las-victimas\/\" target=\"_blank\" rel=\"noreferrer noopener\">Ver nota<\/a><\/div>\n<\/div>","protected":false},"excerpt":{"rendered":"<p>Por Dr. Enrique De Rosa Alabaster<\/p>","protected":false},"author":1,"featured_media":2056,"comment_status":"closed","ping_status":"open","sticky":false,"template":"","format":"standard","meta":{"footnotes":""},"categories":[11,12],"tags":[],"class_list":["post-2055","post","type-post","status-publish","format-standard","has-post-thumbnail","hentry","category-articulos","category-salud-mental"],"_links":{"self":[{"href":"https:\/\/alienacionparental.com.ar\/pt\/wp-json\/wp\/v2\/posts\/2055","targetHints":{"allow":["GET"]}}],"collection":[{"href":"https:\/\/alienacionparental.com.ar\/pt\/wp-json\/wp\/v2\/posts"}],"about":[{"href":"https:\/\/alienacionparental.com.ar\/pt\/wp-json\/wp\/v2\/types\/post"}],"author":[{"embeddable":true,"href":"https:\/\/alienacionparental.com.ar\/pt\/wp-json\/wp\/v2\/users\/1"}],"replies":[{"embeddable":true,"href":"https:\/\/alienacionparental.com.ar\/pt\/wp-json\/wp\/v2\/comments?post=2055"}],"version-history":[{"count":2,"href":"https:\/\/alienacionparental.com.ar\/pt\/wp-json\/wp\/v2\/posts\/2055\/revisions"}],"predecessor-version":[{"id":2063,"href":"https:\/\/alienacionparental.com.ar\/pt\/wp-json\/wp\/v2\/posts\/2055\/revisions\/2063"}],"wp:featuredmedia":[{"embeddable":true,"href":"https:\/\/alienacionparental.com.ar\/pt\/wp-json\/wp\/v2\/media\/2056"}],"wp:attachment":[{"href":"https:\/\/alienacionparental.com.ar\/pt\/wp-json\/wp\/v2\/media?parent=2055"}],"wp:term":[{"taxonomy":"category","embeddable":true,"href":"https:\/\/alienacionparental.com.ar\/pt\/wp-json\/wp\/v2\/categories?post=2055"},{"taxonomy":"post_tag","embeddable":true,"href":"https:\/\/alienacionparental.com.ar\/pt\/wp-json\/wp\/v2\/tags?post=2055"}],"curies":[{"name":"wp","href":"https:\/\/api.w.org\/{rel}","templated":true}]}}