{"id":2006,"date":"2024-09-09T17:42:24","date_gmt":"2024-09-09T20:42:24","guid":{"rendered":"https:\/\/alienacionparental.com.ar\/?p=2006"},"modified":"2024-09-09T17:42:26","modified_gmt":"2024-09-09T20:42:26","slug":"aspectos-tecnicos-del-enfoque-interdisciplinario-en-las-intervenciones-de-revinculacion","status":"publish","type":"post","link":"https:\/\/alienacionparental.com.ar\/pt\/aspectos-tecnicos-del-enfoque-interdisciplinario-en-las-intervenciones-de-revinculacion\/","title":{"rendered":"Aspectos t\u00e9cnicos da abordagem interdisciplinar das interven\u00e7\u00f5es de reintegra\u00e7\u00e3o"},"content":{"rendered":"<p><strong>Por Carlos Mar\u00eda D\u00edaz Usandivaras<\/strong><\/p>\n\n\n\n<p><\/p>\n\n\n\n<div style=\"height:30px\" aria-hidden=\"true\" class=\"wp-block-spacer\"><\/div>\n\n\n\n<div class=\"wp-block-buttons is-content-justification-center is-layout-flex wp-container-core-buttons-is-layout-a89b3969 wp-block-buttons-is-layout-flex\">\n<div class=\"wp-block-button\"><a class=\"wp-block-button__link wp-element-button\" href=\"https:\/\/alienacionparental.com.ar\/wp-content\/uploads\/2024\/09\/Aspectos-interdisciplinarios-de-la-Revinculacion.pdf\" target=\"_blank\" rel=\"noreferrer noopener\">Ver nota<\/a><\/div>\n<\/div>","protected":false},"excerpt":{"rendered":"<p>Por Carlos Mar\u00eda D\u00edaz Usandivaras<\/p>","protected":false},"author":1,"featured_media":2007,"comment_status":"closed","ping_status":"open","sticky":false,"template":"","format":"standard","meta":{"footnotes":""},"categories":[11,12],"tags":[],"class_list":["post-2006","post","type-post","status-publish","format-standard","has-post-thumbnail","hentry","category-articulos","category-salud-mental"],"_links":{"self":[{"href":"https:\/\/alienacionparental.com.ar\/pt\/wp-json\/wp\/v2\/posts\/2006","targetHints":{"allow":["GET"]}}],"collection":[{"href":"https:\/\/alienacionparental.com.ar\/pt\/wp-json\/wp\/v2\/posts"}],"about":[{"href":"https:\/\/alienacionparental.com.ar\/pt\/wp-json\/wp\/v2\/types\/post"}],"author":[{"embeddable":true,"href":"https:\/\/alienacionparental.com.ar\/pt\/wp-json\/wp\/v2\/users\/1"}],"replies":[{"embeddable":true,"href":"https:\/\/alienacionparental.com.ar\/pt\/wp-json\/wp\/v2\/comments?post=2006"}],"version-history":[{"count":1,"href":"https:\/\/alienacionparental.com.ar\/pt\/wp-json\/wp\/v2\/posts\/2006\/revisions"}],"predecessor-version":[{"id":2009,"href":"https:\/\/alienacionparental.com.ar\/pt\/wp-json\/wp\/v2\/posts\/2006\/revisions\/2009"}],"wp:featuredmedia":[{"embeddable":true,"href":"https:\/\/alienacionparental.com.ar\/pt\/wp-json\/wp\/v2\/media\/2007"}],"wp:attachment":[{"href":"https:\/\/alienacionparental.com.ar\/pt\/wp-json\/wp\/v2\/media?parent=2006"}],"wp:term":[{"taxonomy":"category","embeddable":true,"href":"https:\/\/alienacionparental.com.ar\/pt\/wp-json\/wp\/v2\/categories?post=2006"},{"taxonomy":"post_tag","embeddable":true,"href":"https:\/\/alienacionparental.com.ar\/pt\/wp-json\/wp\/v2\/tags?post=2006"}],"curies":[{"name":"wp","href":"https:\/\/api.w.org\/{rel}","templated":true}]}}