{"id":1883,"date":"2024-09-09T14:42:19","date_gmt":"2024-09-09T17:42:19","guid":{"rendered":"https:\/\/alienacionparental.com.ar\/?p=1883"},"modified":"2024-09-09T14:42:21","modified_gmt":"2024-09-09T17:42:21","slug":"la-alienacion-parental-y-su-relacion-con-el-abuso-sexual-y-la-violencia-domestica","status":"publish","type":"post","link":"https:\/\/alienacionparental.com.ar\/pt\/la-alienacion-parental-y-su-relacion-con-el-abuso-sexual-y-la-violencia-domestica\/","title":{"rendered":"Aliena\u00e7\u00e3o parental e sua rela\u00e7\u00e3o com abuso sexual e viol\u00eancia dom\u00e9stica"},"content":{"rendered":"<p><strong>Por Mauricio Luis Mizrahi<\/strong><\/p>\n\n\n\n<p>Quando h\u00e1 um rompimento dif\u00edcil e traum\u00e1tico no casal conjugal ou coabitante e, ao mesmo tempo, percebe-se que um de seus membros est\u00e1 envolvido em uma campanha incompreens\u00edvel de denegrir o outro, denegrir que \u00e9 detectado na medida em que o que \u00e9 invocado n\u00e3o \u00e9 apoiado por fatos reais e objetivos.<\/p>\n\n\n\n<div style=\"height:30px\" aria-hidden=\"true\" class=\"wp-block-spacer\"><\/div>\n\n\n\n<div class=\"wp-block-buttons is-content-justification-center is-layout-flex wp-container-core-buttons-is-layout-a89b3969 wp-block-buttons-is-layout-flex\">\n<div class=\"wp-block-button\"><a class=\"wp-block-button__link wp-element-button\" href=\"https:\/\/alienacionparental.com.ar\/wp-content\/uploads\/2024\/09\/LA-ALIENACION-PARENTAL-Y-SU-RELACION-CON-EL-ABUSO-SEXUAL-Y-LA-VIOLENCIA-DOMESTICA.pdf\" target=\"_blank\" rel=\"noreferrer noopener\">Ver nota<\/a><\/div>\n<\/div>","protected":false},"excerpt":{"rendered":"<p>Por Mauricio Luis Mizrahi<\/p>","protected":false},"author":1,"featured_media":1880,"comment_status":"closed","ping_status":"open","sticky":false,"template":"","format":"standard","meta":{"footnotes":""},"categories":[11,13,3],"tags":[],"class_list":["post-1883","post","type-post","status-publish","format-standard","has-post-thumbnail","hentry","category-articulos","category-legal","category-novedades"],"_links":{"self":[{"href":"https:\/\/alienacionparental.com.ar\/pt\/wp-json\/wp\/v2\/posts\/1883","targetHints":{"allow":["GET"]}}],"collection":[{"href":"https:\/\/alienacionparental.com.ar\/pt\/wp-json\/wp\/v2\/posts"}],"about":[{"href":"https:\/\/alienacionparental.com.ar\/pt\/wp-json\/wp\/v2\/types\/post"}],"author":[{"embeddable":true,"href":"https:\/\/alienacionparental.com.ar\/pt\/wp-json\/wp\/v2\/users\/1"}],"replies":[{"embeddable":true,"href":"https:\/\/alienacionparental.com.ar\/pt\/wp-json\/wp\/v2\/comments?post=1883"}],"version-history":[{"count":1,"href":"https:\/\/alienacionparental.com.ar\/pt\/wp-json\/wp\/v2\/posts\/1883\/revisions"}],"predecessor-version":[{"id":1885,"href":"https:\/\/alienacionparental.com.ar\/pt\/wp-json\/wp\/v2\/posts\/1883\/revisions\/1885"}],"wp:featuredmedia":[{"embeddable":true,"href":"https:\/\/alienacionparental.com.ar\/pt\/wp-json\/wp\/v2\/media\/1880"}],"wp:attachment":[{"href":"https:\/\/alienacionparental.com.ar\/pt\/wp-json\/wp\/v2\/media?parent=1883"}],"wp:term":[{"taxonomy":"category","embeddable":true,"href":"https:\/\/alienacionparental.com.ar\/pt\/wp-json\/wp\/v2\/categories?post=1883"},{"taxonomy":"post_tag","embeddable":true,"href":"https:\/\/alienacionparental.com.ar\/pt\/wp-json\/wp\/v2\/tags?post=1883"}],"curies":[{"name":"wp","href":"https:\/\/api.w.org\/{rel}","templated":true}]}}