{"id":1923,"date":"2024-09-09T15:43:44","date_gmt":"2024-09-09T18:43:44","guid":{"rendered":"https:\/\/alienacionparental.com.ar\/?p=1923"},"modified":"2024-09-09T15:43:46","modified_gmt":"2024-09-09T18:43:46","slug":"alienacion-parental-y-su-evaluacion-un-analisis-bibliometrico","status":"publish","type":"post","link":"https:\/\/alienacionparental.com.ar\/en\/alienacion-parental-y-su-evaluacion-un-analisis-bibliometrico\/","title":{"rendered":"Parental alienation and its assessment. A bibliometric analysis."},"content":{"rendered":"<p><strong>By Alejandro Mendoza Amaro, Fabiola Gonz\u00e1lez Betanzos, Alicia Edith Hermosillo de la Torre, Rub\u00e9n Soltero Avelar and Mario Orozco Guzm\u00e1n<\/strong><\/p>\n\n\n\n<p><\/p>\n\n\n\n<div style=\"height:30px\" aria-hidden=\"true\" class=\"wp-block-spacer\"><\/div>\n\n\n\n<div class=\"wp-block-buttons is-content-justification-center is-layout-flex wp-container-core-buttons-is-layout-a89b3969 wp-block-buttons-is-layout-flex\">\n<div class=\"wp-block-button\"><a class=\"wp-block-button__link wp-element-button\" href=\"https:\/\/alienacionparental.com.ar\/wp-content\/uploads\/2024\/09\/Alienacion-y-su-Evaluacion.pdf\" target=\"_blank\" rel=\"noreferrer noopener\">Read article<\/a><\/div>\n<\/div>\n\n\n\n<p><\/p>","protected":false},"excerpt":{"rendered":"<p>By Alejandro Mendoza Amaro, Fabiola Gonz\u00e1lez Betanzos, Alicia Edith Hermosillo de la Torre, Rub\u00e9n Soltero Avelar and Mario Orozco Guzm\u00e1n<\/p>","protected":false},"author":1,"featured_media":1924,"comment_status":"closed","ping_status":"open","sticky":false,"template":"","format":"standard","meta":{"footnotes":""},"categories":[11,3,12],"tags":[],"class_list":["post-1923","post","type-post","status-publish","format-standard","has-post-thumbnail","hentry","category-articulos","category-novedades","category-salud-mental"],"_links":{"self":[{"href":"https:\/\/alienacionparental.com.ar\/en\/wp-json\/wp\/v2\/posts\/1923","targetHints":{"allow":["GET"]}}],"collection":[{"href":"https:\/\/alienacionparental.com.ar\/en\/wp-json\/wp\/v2\/posts"}],"about":[{"href":"https:\/\/alienacionparental.com.ar\/en\/wp-json\/wp\/v2\/types\/post"}],"author":[{"embeddable":true,"href":"https:\/\/alienacionparental.com.ar\/en\/wp-json\/wp\/v2\/users\/1"}],"replies":[{"embeddable":true,"href":"https:\/\/alienacionparental.com.ar\/en\/wp-json\/wp\/v2\/comments?post=1923"}],"version-history":[{"count":1,"href":"https:\/\/alienacionparental.com.ar\/en\/wp-json\/wp\/v2\/posts\/1923\/revisions"}],"predecessor-version":[{"id":1926,"href":"https:\/\/alienacionparental.com.ar\/en\/wp-json\/wp\/v2\/posts\/1923\/revisions\/1926"}],"wp:featuredmedia":[{"embeddable":true,"href":"https:\/\/alienacionparental.com.ar\/en\/wp-json\/wp\/v2\/media\/1924"}],"wp:attachment":[{"href":"https:\/\/alienacionparental.com.ar\/en\/wp-json\/wp\/v2\/media?parent=1923"}],"wp:term":[{"taxonomy":"category","embeddable":true,"href":"https:\/\/alienacionparental.com.ar\/en\/wp-json\/wp\/v2\/categories?post=1923"},{"taxonomy":"post_tag","embeddable":true,"href":"https:\/\/alienacionparental.com.ar\/en\/wp-json\/wp\/v2\/tags?post=1923"}],"curies":[{"name":"wp","href":"https:\/\/api.w.org\/{rel}","templated":true}]}}